{"id":605,"date":"2026-01-08T16:26:04","date_gmt":"2026-01-08T14:26:04","guid":{"rendered":"https:\/\/mikkotukonen.fi\/?p=605"},"modified":"2026-01-08T16:26:04","modified_gmt":"2026-01-08T14:26:04","slug":"my-day-7-1-2026","status":"publish","type":"post","link":"https:\/\/mikkotukonen.fi\/index.php\/2026\/01\/08\/my-day-7-1-2026\/","title":{"rendered":"My Day 7.1.2026"},"content":{"rendered":"<p>T\u00e4m\u00e4 on kirjoitus p\u00e4iv\u00e4n tapahtumista. Osaltaan se kertoo siit\u00e4, mit\u00e4 kunnallispoliitikko Tukonen koki p\u00e4iv\u00e4n aikana ja osaltaan, mit\u00e4 p\u00e4iv\u00e4\u00e4n sis\u00e4ltyi. Olkaa hyv\u00e4t!<br \/>\nPS. Kirjoitus on hieman pitempi kuin yleens\u00e4, mutta toivottavasti jaksatte lukea sen l\u00e4pi. Lopussa on p\u00e4iv\u00e4n \u201dsummaus\u201d, eli mit\u00e4 opin ja mill\u00e4 mielell\u00e4 suljin silm\u00e4ni.<\/p>\n<p><strong>06:25 Her\u00e4tys<\/strong><br \/>\n\u00c4lykello n\u00e4ytt\u00e4\u00e4, ett\u00e4 olen nukkunut yli 9 tuntia. T\u00e4ysin poikkeuksellista, koska 30 p\u00e4iv\u00e4n keskiarvo on hieman alle 7 tuntia. Yleens\u00e4 her\u00e4\u00e4n siin\u00e4 05:00\u201305:30 v\u00e4liss\u00e4. N\u00e4in on ollut aina, koska aamuvirkuksi minua on sanottu. Mars aamutoimiin ja kuntosalille kevyen aamupalan ja kahvin j\u00e4lkeen.<\/p>\n<p><strong>07:10\u201308:20 Kuntosalilla<\/strong><br \/>\nAloitin s\u00e4\u00e4nn\u00f6llisen kuntosaliharjoittelun vuonna 1974. Siit\u00e4h\u00e4n on siis jo yli 50 vuotta. Ohhoh! Nyt on menossa sellainen vaihe treeneiss\u00e4, ett\u00e4 voimataso on \u201350 % parhaista maksimeista. T\u00e4m\u00e4 koskee my\u00f6s sarjapainoja, koska muistelin, ett\u00e4 sain joskus 100 kilolla 40 toistoa penkkipunnerruksessa, ja nyt paino on 50 kg, mill\u00e4 treenaan. Koitan \u201drimpuilla &amp; yll\u00e4pit\u00e4\u00e4\u201d kuntoa ja taistelen kropan j\u00e4ykistymist\u00e4 vastaan. Olkap\u00e4\u00e4t ovat s\u00f6k\u00f6n\u00e4 ja polvet eiv\u00e4t kest\u00e4 en\u00e4\u00e4 kuin kevyit\u00e4 jalkakyykkypainoja. No \u2013 t\u00e4m\u00e4 on pakko hyv\u00e4ksy\u00e4.<\/p>\n<p><strong>08:45\u201309:05 Aamiaisella<\/strong><br \/>\nAamiainen ja sivukorvalla uutisten kuuntelua. Huomio siirtyy aamun TV-keskusteluihin, joissa p\u00e4ivitell\u00e4\u00e4n USA:n presidentin linjauksia. Venezuelan ja Gr\u00f6nlannin tilanteet ovat keski\u00f6ss\u00e4. Muistutan itse\u00e4ni tavasta ajatella: \u201dEn voi vaikuttaa \u2013 en voi p\u00e4\u00e4tt\u00e4\u00e4.\u201d Ja koska n\u00e4in on, on parempi vain antaa asian olla. Stubb ja muut vastuuta kantavat ovat kovilla \u2013 voimaa ja viisautta sinne Suomen p\u00e4\u00e4tt\u00e4jille. Toivotan teille hyvi\u00e4 y\u00f6unia ja energiaa ajatteluun. Huh huh!<\/p>\n<p><strong>09:05\u201311:00 Kotitoimistolla<\/strong><br \/>\nAvaan tietokoneen ja aloitan t\u00e4m\u00e4n dokumentin kirjoittamisen. Varattuna on my\u00f6s kuusi t\u00e4rke\u00e4\u00e4 puhelinpalaveria aamuun. Laitan n\u00e4m\u00e4 t\u00e4rkeysj\u00e4rjestykseen ja aloitan. Asiat liittyv\u00e4t konsulttit\u00f6ihin ja my\u00f6s puunkaatoon. Minulta on monesti kysytty, miten oikein pystyn ja haluan tehd\u00e4 kumpaakin ty\u00f6t\u00e4 edelleen el\u00e4kei\u00e4ss\u00e4. No, vastaus on se, ett\u00e4 haluan yll\u00e4pit\u00e4\u00e4 sek\u00e4 henkist\u00e4 ett\u00e4 fyysist\u00e4 toimintakyky\u00e4 mahdollisimman pitk\u00e4\u00e4n. Kyll\u00e4 Excelien sek\u00e4 raporttien lukemiseen tuo hyv\u00e4\u00e4 vaihtelua puun kaataminen. Kiva on pukea p\u00e4\u00e4lle my\u00f6s joskus puvun ja solmion sijaan metsurin haalarit ja turvakeng\u00e4t. T\u00f6it\u00e4 olen ajatellut jatkaa niin kauan kuin jaksan. Ja onhan t\u00e4m\u00e4 kunnallispolitiikkakin kuvioissa, ja t\u00e4n\u00e4\u00e4n onkin t\u00e4rke\u00e4 p\u00e4iv\u00e4. Valtuuston strategiaseminaari on klo 12:00\u201318:00.<\/p>\n<p><strong>11:00\u201311:30 Lounaalla<\/strong><br \/>\nLounasta \u2013 pitk\u00e4 Heinolan strategiap\u00e4iv\u00e4 on edess\u00e4. Kevytt\u00e4 ja ravitsevaa, jotta jaksaa koko p\u00e4iv\u00e4n istua ja ajatella.<\/p>\n<p><strong>12:00\u201318:00 Valtuustotalolla<\/strong><br \/>\nHeinolan kaupunki on moderni ja hyvin organisoitu kunta. Olen ollut reilut puoli vuotta valtuutettuna, ja yll\u00e4tyksekseni sek\u00e4 positiiviseksi asiaksi olen kokenut valtuustoty\u00f6n. Odotukset ovat ylittyneet. Toki rivivaltuutettuna ei ole niin paljoa mahdollisuuksia osallistua p\u00e4\u00e4t\u00f6ksiin kuin esimerkiksi lautakuntaty\u00f6skentelyss\u00e4, mutta silti koen olevani osa \u201dHeinolan vastuunkantajia\u201d. Oma positioni kaupunkiyhti\u00f6 Heinolan Tilapalvelut Oy:n hallituksen puheenjohtajana on ollut paikka vaikuttaa kunnan asioihin, ja olen siit\u00e4 innostunut. Meill\u00e4 on hieno ryhm\u00e4 hallituksessa, ja olen saanut sielt\u00e4 monta uutta yst\u00e4v\u00e4\u00e4.<\/p>\n<p>P\u00e4iv\u00e4n agenda oli tiivis: olemassa olevaa strategiadokumenttia esitteli kaupunginjohtaja Jari Parkkonen. Paikalla oli my\u00f6s ulkopuolinen konsultti, joka fasilitoi ty\u00f6pajoja. P\u00e4\u00e4sin mukaan ryhm\u00e4mme \u201d\u00e4\u00e4nitorvena\u201d, eli sain kertoa keskustelujen tuloksia. Eritt\u00e4in hieno lis\u00e4 oli Lahden kaupunginjohtajan Niko Kyyn\u00e4r\u00e4isen esitys Lahden tavasta toteuttaa omaa strategiaa. Vakuuttava esitys! Saimme p\u00e4iv\u00e4n aikana mielest\u00e4ni esille monta hienoa ideaa, ja niit\u00e4 sitten jalostetaan ja esitell\u00e4\u00e4n valtuuston kokouksessa kev\u00e4\u00e4n aikana. Onnistunut p\u00e4iv\u00e4.<\/p>\n<p><strong>18:15\u201319:00 Pihamaalla lumit\u00f6it\u00e4 ja happihyppely\u00e4<\/strong><br \/>\nPakko oli menn\u00e4 ulos haukkaamaan happea ja iltapalalle sen j\u00e4lkeen. Erikoinen tunne, kun k\u00e4ytt\u00e4\u00e4 aivoja 5\u20136 tuntia aktiivisesti, niin tuntee jopa siit\u00e4 v\u00e4symyst\u00e4. Kirjoittaminenkaan ei ole yht\u00e4 luontevaa, joten viimeistelen t\u00e4m\u00e4n My Day -blogin sitten aamusta.<\/p>\n<p><strong>19:00\u201321:30 Lepoa<\/strong><br \/>\nIlta oli mielenkiintoinen. YLE Areenassa on sarja Ruotsin historiasta. Osassa 4 kerrotaan keskiajan tilanteista, ja se on aika raju kuvaus ihmiskunnan haasteista silloin. Hetki, jolloin koko maan v\u00e4est\u00f6st\u00e4 kuolee 1\/3, on aika korutonta kertomaa. Loppuilta menikin joululahjakirjan eli Alexander Stubbin <em>Matka presidentiksi<\/em> kirjan merkeiss\u00e4. Kirja on mielenkiintoinen katsaus l\u00e4hihistoriaan ja sivuaa toki paljon presidenttimme matkaa valtion p\u00e4\u00e4mieheksi. Suosittelen lukemaan. No \u2013 sitten oli taas se hetki, kun on palaveri Nukku-Matin kanssa. Silm\u00e4t kiinni ja unelmoimaan.<\/p>\n<p><strong>Loppuajatukset p\u00e4iv\u00e4st\u00e4<\/strong><br \/>\nOnneksi olin fiksu ja urheilin pariin otteeseen. Se lis\u00e4si energiaa. Valtuuston strategiap\u00e4iv\u00e4 oli hyvin mielenkiintoinen ja opettavainen. Pidin erityisesti Lahden kaupunginjohtajan Niko Kyyn\u00e4r\u00e4isen esityksest\u00e4. Sen viel\u00e4 lis\u00e4\u00e4n, ett\u00e4 \u201dlukeminen kannattaa aina\u201d: aivot ovat herkki\u00e4 omaksumaan kaiken, mit\u00e4 sinne sy\u00f6tt\u00e4\u00e4. Siksi kannattaa valita aiheet ja sis\u00e4ll\u00f6t tarkasti. Iso kiitos Venla Kalmille hienoista kuvista valtuustotalon edess\u00e4! Kohti vuotta 2026.<\/p>\n<p>*) Olen siis ammattimetsuri ja p\u00e4\u00e4tin opintoni vuonna 2023 kev\u00e4\u00e4ll\u00e4 Hyrian opintoahjossa.<\/p>\n<p>&nbsp;<\/p>\n","protected":false},"excerpt":{"rendered":"<p>T\u00e4m\u00e4 on kirjoitus p\u00e4iv\u00e4n tapahtumista. Osaltaan se kertoo siit\u00e4, mit\u00e4 kunnallispoliitikko Tukonen koki p\u00e4iv\u00e4n aikana ja osaltaan, mit\u00e4 p\u00e4iv\u00e4\u00e4n sis\u00e4ltyi. Olkaa hyv\u00e4t! PS. Kirjoitus on hieman pitempi kuin yleens\u00e4, mutta toivottavasti jaksatte lukea sen l\u00e4pi. Lopussa on p\u00e4iv\u00e4n \u201dsummaus\u201d, eli mit\u00e4 opin ja mill\u00e4 mielell\u00e4 suljin silm\u00e4ni. 06:25 Her\u00e4tys \u00c4lykello [&hellip;]<\/p>\n","protected":false},"author":1,"featured_media":607,"comment_status":"closed","ping_status":"closed","sticky":false,"template":"","format":"standard","meta":{"_jetpack_memberships_contains_paid_content":false,"footnotes":""},"categories":[3,4],"tags":[],"class_list":["post-605","post","type-post","status-publish","format-standard","has-post-thumbnail","hentry","category-hyvinvointi","category-yrittajyys"],"jetpack_featured_media_url":"https:\/\/i0.wp.com\/mikkotukonen.fi\/wp-content\/uploads\/2026\/01\/Heinola-250-illalla_www.jpg?fit=1920%2C1080&ssl=1","jetpack_sharing_enabled":true,"_links":{"self":[{"href":"https:\/\/mikkotukonen.fi\/index.php\/wp-json\/wp\/v2\/posts\/605","targetHints":{"allow":["GET"]}}],"collection":[{"href":"https:\/\/mikkotukonen.fi\/index.php\/wp-json\/wp\/v2\/posts"}],"about":[{"href":"https:\/\/mikkotukonen.fi\/index.php\/wp-json\/wp\/v2\/types\/post"}],"author":[{"embeddable":true,"href":"https:\/\/mikkotukonen.fi\/index.php\/wp-json\/wp\/v2\/users\/1"}],"replies":[{"embeddable":true,"href":"https:\/\/mikkotukonen.fi\/index.php\/wp-json\/wp\/v2\/comments?post=605"}],"version-history":[{"count":1,"href":"https:\/\/mikkotukonen.fi\/index.php\/wp-json\/wp\/v2\/posts\/605\/revisions"}],"predecessor-version":[{"id":606,"href":"https:\/\/mikkotukonen.fi\/index.php\/wp-json\/wp\/v2\/posts\/605\/revisions\/606"}],"wp:featuredmedia":[{"embeddable":true,"href":"https:\/\/mikkotukonen.fi\/index.php\/wp-json\/wp\/v2\/media\/607"}],"wp:attachment":[{"href":"https:\/\/mikkotukonen.fi\/index.php\/wp-json\/wp\/v2\/media?parent=605"}],"wp:term":[{"taxonomy":"category","embeddable":true,"href":"https:\/\/mikkotukonen.fi\/index.php\/wp-json\/wp\/v2\/categories?post=605"},{"taxonomy":"post_tag","embeddable":true,"href":"https:\/\/mikkotukonen.fi\/index.php\/wp-json\/wp\/v2\/tags?post=605"}],"curies":[{"name":"wp","href":"https:\/\/api.w.org\/{rel}","templated":true}]}}